{"id":23963,"date":"2025-12-13T12:58:57","date_gmt":"2025-12-13T17:58:57","guid":{"rendered":"https:\/\/www.eltulipanperu.com\/sinterklaas-ntc-el-tulipan-2025\/"},"modified":"2025-12-13T12:58:57","modified_gmt":"2025-12-13T17:58:57","slug":"sinterklaas-ntc-el-tulipan-2025","status":"publish","type":"post","link":"https:\/\/www.eltulipanperu.com\/en\/sinterklaas-ntc-el-tulipan-2025\/","title":{"rendered":"Una m\u00e1gica visita de Sinterklaas para los ni\u00f1os de NTC El Tulip\u00e1n"},"content":{"rendered":"\n<p>Miraflores, Per\u00fa \u2014 El parque Reducto N\u00ba 2 se llen\u00f3 de ilusi\u00f3n y entusiasmo con la visita de <em>Sinterklaas<\/em>, quien comparti\u00f3 una ma\u00f1ana especial con los ni\u00f1os del NTC El Tulip\u00e1n. El encuentro combin\u00f3 tradici\u00f3n, juegos y momentos emotivos que fortalecieron el esp\u00edritu festivo.<\/p>\n\n\n\n<p>Los estudiantes participaron en diversas din\u00e1micas inspiradas en las costumbres neerlandesas, como <strong>Pakjesrace<\/strong>, <strong>Pietendans<\/strong>, <strong>Ozosnel paardenrace<\/strong>, <strong>Sinterklaasje prik<\/strong>, <strong>Pakjes gooien<\/strong>, <strong>Ring werpen<\/strong> y el tradicional <strong>Bezoek aan Sint en Piet<\/strong>.<\/p>\n\n\n\n<p>El momento m\u00e1s celebrado fue el <strong>Sinterklaas Bingo<\/strong>, que reuni\u00f3 a todos en una actividad llena de alegr\u00eda y participaci\u00f3n. <strong>La sorpresa lleg\u00f3 cuando, gracias a la \u201czanahoria\u201d, todos al final gritaron \u201c\u00a1Bingo!\u201d, provocando risas entre todos.<\/strong><\/p>\n\n\n\n<div class=\"wp-block-getwid-images-slider has-arrows-inside has-dots-inside has-images-center has-cropped-images\"><div class=\"wp-block-getwid-images-slider__wrapper\" data-effect=\"slide\" data-slides-show=\"1\" data-slides-show-laptop=\"1\" data-slides-show-tablet=\"1\" data-slides-show-mobile=\"1\" data-slides-scroll=\"1\" data-autoplay=\"false\" data-pause-hover=\"false\" data-autoplay-speed=\"6000\" data-infinite=\"true\" data-animation-speed=\"800\" data-center-mode=\"false\" data-variable-width=\"false\" data-arrows=\"inside\" data-dots=\"inside\" data-spacing=\"none\"><div class=\"wp-block-getwid-images-slider__item\"><figure><img fetchpriority=\"high\" decoding=\"async\" width=\"800\" height=\"500\" src=\"https:\/\/www.eltulipanperu.com\/wp-content\/uploads\/2025\/12\/ntceltulipansinterklaas1.png\" data-id=\"23941\" data-link=\"https:\/\/www.eltulipanperu.com\/?attachment_id=23941\" data-original-link=\"https:\/\/www.eltulipanperu.com\/wp-content\/uploads\/2025\/12\/ntceltulipansinterklaas1.png\" class=\"wp-block-getwid-images-slider__image wp-image-23941\" srcset=\"https:\/\/www.eltulipanperu.com\/wp-content\/uploads\/2025\/12\/ntceltulipansinterklaas1.png 800w, https:\/\/www.eltulipanperu.com\/wp-content\/uploads\/2025\/12\/ntceltulipansinterklaas1-300x188.png 300w, https:\/\/www.eltulipanperu.com\/wp-content\/uploads\/2025\/12\/ntceltulipansinterklaas1-768x480.png 768w, https:\/\/www.eltulipanperu.com\/wp-content\/uploads\/2025\/12\/ntceltulipansinterklaas1-600x375.png 600w\" sizes=\"(max-width: 800px) 100vw, 800px\" \/><\/figure><\/div><div class=\"wp-block-getwid-images-slider__item\"><figure><img decoding=\"async\" width=\"800\" height=\"500\" src=\"https:\/\/www.eltulipanperu.com\/wp-content\/uploads\/2025\/12\/ntceltulipansinterklaas2.png\" data-id=\"23944\" data-link=\"https:\/\/www.eltulipanperu.com\/?attachment_id=23944\" data-original-link=\"https:\/\/www.eltulipanperu.com\/wp-content\/uploads\/2025\/12\/ntceltulipansinterklaas2.png\" class=\"wp-block-getwid-images-slider__image wp-image-23944\" srcset=\"https:\/\/www.eltulipanperu.com\/wp-content\/uploads\/2025\/12\/ntceltulipansinterklaas2.png 800w, https:\/\/www.eltulipanperu.com\/wp-content\/uploads\/2025\/12\/ntceltulipansinterklaas2-300x188.png 300w, https:\/\/www.eltulipanperu.com\/wp-content\/uploads\/2025\/12\/ntceltulipansinterklaas2-768x480.png 768w, https:\/\/www.eltulipanperu.com\/wp-content\/uploads\/2025\/12\/ntceltulipansinterklaas2-600x375.png 600w\" sizes=\"(max-width: 800px) 100vw, 800px\" \/><\/figure><\/div><div class=\"wp-block-getwid-images-slider__item\"><figure><img decoding=\"async\" width=\"800\" height=\"500\" src=\"https:\/\/www.eltulipanperu.com\/wp-content\/uploads\/2025\/12\/ntceltulipansinterklaas3.png\" data-id=\"23947\" data-link=\"https:\/\/www.eltulipanperu.com\/?attachment_id=23947\" data-original-link=\"https:\/\/www.eltulipanperu.com\/wp-content\/uploads\/2025\/12\/ntceltulipansinterklaas3.png\" class=\"wp-block-getwid-images-slider__image wp-image-23947\" srcset=\"https:\/\/www.eltulipanperu.com\/wp-content\/uploads\/2025\/12\/ntceltulipansinterklaas3.png 800w, https:\/\/www.eltulipanperu.com\/wp-content\/uploads\/2025\/12\/ntceltulipansinterklaas3-300x188.png 300w, https:\/\/www.eltulipanperu.com\/wp-content\/uploads\/2025\/12\/ntceltulipansinterklaas3-768x480.png 768w, https:\/\/www.eltulipanperu.com\/wp-content\/uploads\/2025\/12\/ntceltulipansinterklaas3-600x375.png 600w\" sizes=\"(max-width: 800px) 100vw, 800px\" \/><\/figure><\/div><div class=\"wp-block-getwid-images-slider__item\"><figure><img loading=\"lazy\" decoding=\"async\" width=\"800\" height=\"500\" src=\"https:\/\/www.eltulipanperu.com\/wp-content\/uploads\/2025\/12\/ntceltulipansinterklaas4.png\" data-id=\"23950\" data-link=\"https:\/\/www.eltulipanperu.com\/?attachment_id=23950\" data-original-link=\"https:\/\/www.eltulipanperu.com\/wp-content\/uploads\/2025\/12\/ntceltulipansinterklaas4.png\" class=\"wp-block-getwid-images-slider__image wp-image-23950\" srcset=\"https:\/\/www.eltulipanperu.com\/wp-content\/uploads\/2025\/12\/ntceltulipansinterklaas4.png 800w, https:\/\/www.eltulipanperu.com\/wp-content\/uploads\/2025\/12\/ntceltulipansinterklaas4-300x188.png 300w, https:\/\/www.eltulipanperu.com\/wp-content\/uploads\/2025\/12\/ntceltulipansinterklaas4-768x480.png 768w, https:\/\/www.eltulipanperu.com\/wp-content\/uploads\/2025\/12\/ntceltulipansinterklaas4-600x375.png 600w\" sizes=\"(max-width: 800px) 100vw, 800px\" \/><\/figure><\/div><div class=\"wp-block-getwid-images-slider__item\"><figure><img loading=\"lazy\" decoding=\"async\" width=\"800\" height=\"500\" src=\"https:\/\/www.eltulipanperu.com\/wp-content\/uploads\/2025\/12\/ntceltulipansinterklaas5.png\" data-id=\"23953\" data-link=\"https:\/\/www.eltulipanperu.com\/?attachment_id=23953\" data-original-link=\"https:\/\/www.eltulipanperu.com\/wp-content\/uploads\/2025\/12\/ntceltulipansinterklaas5.png\" class=\"wp-block-getwid-images-slider__image wp-image-23953\" srcset=\"https:\/\/www.eltulipanperu.com\/wp-content\/uploads\/2025\/12\/ntceltulipansinterklaas5.png 800w, https:\/\/www.eltulipanperu.com\/wp-content\/uploads\/2025\/12\/ntceltulipansinterklaas5-300x188.png 300w, https:\/\/www.eltulipanperu.com\/wp-content\/uploads\/2025\/12\/ntceltulipansinterklaas5-768x480.png 768w, https:\/\/www.eltulipanperu.com\/wp-content\/uploads\/2025\/12\/ntceltulipansinterklaas5-600x375.png 600w\" sizes=\"(max-width: 800px) 100vw, 800px\" \/><\/figure><\/div><\/div><\/div>\n\n\n\n<p>Durante la jornada, Sinterklaas tambi\u00e9n dedic\u00f3 un tiempo especial para <strong>ver los dibujos <\/strong>y <strong>leer las cartas que los ni\u00f1os le hab\u00edan enviado<\/strong>, mostrando atenci\u00f3n y cari\u00f1o hacia cada mensaje. Como parte de la tradici\u00f3n, <strong>cada ni\u00f1o recibi\u00f3 un regalo<\/strong>, y adem\u00e1s se les entreg\u00f3 su <strong>Pietendiploma<\/strong>, reconociendo su entusiasmo y participaci\u00f3n en las actividades.<\/p>\n\n\n\n<p>La actividad dej\u00f3 gratos recuerdos y reforz\u00f3 la importancia de mantener vivas las tradiciones culturales dentro de la comunidad de clases de neerland\u00e9s en Per\u00fa.<\/p>\n\n\n\n<p><\/p>\n","protected":false},"excerpt":{"rendered":"<p>Miraflores, Per\u00fa \u2014 El parque Reducto N\u00ba 2 se llen\u00f3 de ilusi\u00f3n y entusiasmo con la visita de Sinterklaas, quien comparti\u00f3 una ma\u00f1ana especial con &hellip;<\/p>\n<p class=\"read-more\"> <a class=\"\" href=\"https:\/\/www.eltulipanperu.com\/en\/sinterklaas-ntc-el-tulipan-2025\/\"> <span class=\"screen-reader-text\">Una m\u00e1gica visita de Sinterklaas para los ni\u00f1os de NTC El Tulip\u00e1n<\/span> + informaci\u00f3n<\/a><\/p>\n","protected":false},"author":5,"featured_media":23958,"comment_status":"open","ping_status":"open","sticky":false,"template":"","format":"standard","meta":{"_uag_custom_page_level_css":"","site-sidebar-layout":"default","site-content-layout":"default","ast-global-header-display":"","ast-main-header-display":"","ast-hfb-above-header-display":"","ast-hfb-below-header-display":"","ast-hfb-mobile-header-display":"","site-post-title":"","ast-breadcrumbs-content":"","ast-featured-img":"","footer-sml-layout":"","theme-transparent-header-meta":"","adv-header-id-meta":"","stick-header-meta":"","header-above-stick-meta":"","header-main-stick-meta":"","header-below-stick-meta":"","footnotes":""},"categories":[31],"tags":[],"class_list":["post-23963","post","type-post","status-publish","format-standard","has-post-thumbnail","hentry","category-adults"],"uagb_featured_image_src":{"full":["https:\/\/www.eltulipanperu.com\/wp-content\/uploads\/2025\/12\/portadasinterklaaseltulipan.png",1200,600,false],"thumbnail":["https:\/\/www.eltulipanperu.com\/wp-content\/uploads\/2025\/12\/portadasinterklaaseltulipan-150x150.png",150,150,true],"medium":["https:\/\/www.eltulipanperu.com\/wp-content\/uploads\/2025\/12\/portadasinterklaaseltulipan-300x150.png",300,150,true],"medium_large":["https:\/\/www.eltulipanperu.com\/wp-content\/uploads\/2025\/12\/portadasinterklaaseltulipan-768x384.png",768,384,true],"large":["https:\/\/www.eltulipanperu.com\/wp-content\/uploads\/2025\/12\/portadasinterklaaseltulipan-1024x512.png",1024,512,true],"1536x1536":["https:\/\/www.eltulipanperu.com\/wp-content\/uploads\/2025\/12\/portadasinterklaaseltulipan.png",1200,600,false],"2048x2048":["https:\/\/www.eltulipanperu.com\/wp-content\/uploads\/2025\/12\/portadasinterklaaseltulipan.png",1200,600,false],"woocommerce_thumbnail":["https:\/\/www.eltulipanperu.com\/wp-content\/uploads\/2025\/12\/portadasinterklaaseltulipan-300x300.png",300,300,true],"woocommerce_single":["https:\/\/www.eltulipanperu.com\/wp-content\/uploads\/2025\/12\/portadasinterklaaseltulipan-600x300.png",600,300,true],"woocommerce_gallery_thumbnail":["https:\/\/www.eltulipanperu.com\/wp-content\/uploads\/2025\/12\/portadasinterklaaseltulipan-100x100.png",100,100,true]},"uagb_author_info":{"display_name":"Yuli","author_link":"https:\/\/www.eltulipanperu.com\/en\/author\/yuli\/"},"uagb_comment_info":0,"uagb_excerpt":"Miraflores, Per\u00fa \u2014 El parque Reducto N\u00ba 2 se llen\u00f3 de ilusi\u00f3n y entusiasmo con la visita de Sinterklaas, quien comparti\u00f3 una ma\u00f1ana especial con &hellip; Una m\u00e1gica visita de Sinterklaas para los ni\u00f1os de NTC El Tulip\u00e1n + informaci\u00f3n","_links":{"self":[{"href":"https:\/\/www.eltulipanperu.com\/en\/wp-json\/wp\/v2\/posts\/23963","targetHints":{"allow":["GET"]}}],"collection":[{"href":"https:\/\/www.eltulipanperu.com\/en\/wp-json\/wp\/v2\/posts"}],"about":[{"href":"https:\/\/www.eltulipanperu.com\/en\/wp-json\/wp\/v2\/types\/post"}],"author":[{"embeddable":true,"href":"https:\/\/www.eltulipanperu.com\/en\/wp-json\/wp\/v2\/users\/5"}],"replies":[{"embeddable":true,"href":"https:\/\/www.eltulipanperu.com\/en\/wp-json\/wp\/v2\/comments?post=23963"}],"version-history":[{"count":0,"href":"https:\/\/www.eltulipanperu.com\/en\/wp-json\/wp\/v2\/posts\/23963\/revisions"}],"wp:featuredmedia":[{"embeddable":true,"href":"https:\/\/www.eltulipanperu.com\/en\/wp-json\/wp\/v2\/media\/23958"}],"wp:attachment":[{"href":"https:\/\/www.eltulipanperu.com\/en\/wp-json\/wp\/v2\/media?parent=23963"}],"wp:term":[{"taxonomy":"category","embeddable":true,"href":"https:\/\/www.eltulipanperu.com\/en\/wp-json\/wp\/v2\/categories?post=23963"},{"taxonomy":"post_tag","embeddable":true,"href":"https:\/\/www.eltulipanperu.com\/en\/wp-json\/wp\/v2\/tags?post=23963"}],"curies":[{"name":"wp","href":"https:\/\/api.w.org\/{rel}","templated":true}]}}